{"provider_url": "https://www.barradogarcas.mt.leg.br", "title": "C\u00e2mara realiza 122\u00aa Sess\u00e3o", "html": "<p style=\"text-align: justify; \">Depois da pausa para o Carnaval, os vereadores de Barra do Gar\u00e7as se reuniram na noite de segunda-feira (15/2) para a segunda sess\u00e3o ordin\u00e1ria do ano. Os vereadores aprovaram um projeto de lei de autoria do legislativo, 28 indica\u00e7\u00f5es, quatro mo\u00e7\u00f5es e quatro requerimentos.</p>\r\n<p style=\"text-align: justify; \">Os vereadores voltam a se reunir na pr\u00f3xima segunda-feira (22/2) para 123\u00aa sess\u00e3o que acontece no plen\u00e1rio da C\u00e2mara \"Vereador Manoel Pereira Brito\", a partir das 20h, participe.</p>\r\n<p style=\"text-align: justify; \"><b>Confira o projeto aprovado</b></p>\r\n<p style=\"text-align: justify; \"><b><img src=\"https://www.barradogarcas.mt.leg.br/imagens/122kiko1.jpg/@@images/9f6a5728-4336-4872-bb9f-789b7d7d49ae.jpeg\" alt=\"\" class=\"image-left\" title=\"\" /></b></p>\r\n<p style=\"text-align: justify; \"><b>Projeto de Lei n\u00b0 002/2016, de 28 de Janeiro de 2016, de autoria do Vereador Odorico Ferreira Cardoso Neto - PT, que disponibiliza listagem di\u00e1ria contendo os nomes, especialidades e hor\u00e1rios de trabalho dos profissionais de sa\u00fade em atua\u00e7\u00e3o nos postos de sa\u00fade e Pronto Socorro Municipal da rede municipal de sa\u00fade da cidade de Barra do Gar\u00e7as. </b>Aprovado por unanimidade.</p>\r\n<p style=\"text-align: justify; \">\u00a0</p>\r\n<p style=\"text-align: justify; \"><b>Indica\u00e7\u00f5es aprovadas</b></p>\r\n<p style=\"text-align: justify; \"><b><img src=\"https://www.barradogarcas.mt.leg.br/imagens/122julio.jpg/@@images/e2055e42-5106-4d5c-a57e-2bfd09e5cf79.jpeg\" alt=\"\" class=\"image-right\" title=\"\" />Julio Cesar (PSDB)</b></p>\r\n<p style=\"text-align: justify; \"><b>24 \u2013 3/2 -</b>\u00a0 ao Prefeito Municipal, Secret\u00e1rio Municipal de Educa\u00e7\u00e3o, Esportes e Lazer, solicitando servi\u00e7os de reforma do Gin\u00e1sio de Esportes do bairro Santo Antonio.</p>\r\n<p style=\"text-align: justify; \">\u00a0</p>\r\n<p style=\"text-align: justify; \"><b><img src=\"https://www.barradogarcas.mt.leg.br/imagens/122barbosa.jpg/@@images/372156c8-36b3-40a9-80d9-e90dc9aa76bf.jpeg\" alt=\"\" class=\"image-left\" title=\"\" />Comandante Barbosa (PSD)</b></p>\r\n<p style=\"text-align: justify; \"><b>25 \u2013 3/2 -</b>\u00a0 ao Prefeito Municipal e Secret\u00e1rio Municipal de Obras, solicitando reparos na rede pluvial, com a canaliza\u00e7\u00e3o das enxurradas ou a coloca\u00e7\u00e3o de mais galerias, na rua S\u00e3o Benedito, na altura do n\u00famero 16, bairro S\u00e3o Sebasti\u00e3o II, em frente ao Lava Jato, atendendo ao pedido do morador Sr. Ot\u00e1vio do Nascimento Filho.</p>\r\n<p style=\"text-align: justify; \"><b>26 \u2013 3/2 -</b>\u00a0 ao Prefeito Municipal e Secret\u00e1rio Municipal de Urbanismo, solicitando seja feita uma vistoria, na rua S\u00e3o Benedito, na altura do n\u00famero 16, bairro S\u00e3o Sebasti\u00e3o II, vendo a possibilidade de retirar uma \u00e1rvore de grande porte, localizada nos fundos da Creche do bairro S\u00e3o Sebasti\u00e3o, atendendo ao pedido do morador Sr. Ot\u00e1vio do Nascimento Filho.</p>\r\n<p style=\"text-align: justify; \"><b><img src=\"https://www.barradogarcas.mt.leg.br/imagens/122pebinha.jpg/@@images/c384c2f7-7d90-447f-8a0b-35fca1e3ed6b.jpeg\" alt=\"\" class=\"image-right\" title=\"\" />Pebinha (PSB)</b></p>\r\n<p style=\"text-align: justify; \"><b>27 \u2013 3/2 -</b>\u00a0 ao Prefeito de Barra do Gar\u00e7as e ao Secret\u00e1rio Municipal de Obras, solicitando servi\u00e7os de recapeamento nas ruas do bairro Piracema.</p>\r\n<p style=\"text-align: justify; \"><b>38 \u2013 11/2 -</b>\u00a0 ao Prefeito de Barra do Gar\u00e7as e ao Secret\u00e1rio Municipal de Urbanismo, solicitando servi\u00e7os de ro\u00e7agem da avenida Perimetral, no bairro Vila Maria.</p>\r\n<p style=\"text-align: justify; \"><b>39 \u2013 11/2 -</b>\u00a0 ao Prefeito de Barra do Gar\u00e7as e ao Secret\u00e1rio Municipal de Urbanismo, solicitando a coloca\u00e7\u00e3o de dois bra\u00e7os com lumin\u00e1rias, na rua 23, quadra 35, bairro Jardim Palmares, atendendo ao pedido do morador Sr. Jos\u00e9 Gomes dos Santos.</p>\r\n<p style=\"text-align: justify; \"><b><img src=\"https://www.barradogarcas.mt.leg.br/imagens/122miguelao1.jpg/@@images/eddcac10-b2d4-457c-a2f2-da387ae138aa.jpeg\" alt=\"\" class=\"image-left\" title=\"\" />Miguel\u00e3o (PSD)</b></p>\r\n<p style=\"text-align: justify; \"><b>28 \u2013 3/2 -</b>\u00a0 ao Prefeito Municipal solicitando a disponibilidade de 10 (dez) filtros de barro, para o Acampamento Cana\u00e3, localizado na sa\u00edda para General Carneiro, sendo que tais utens\u00edlios ficar\u00e3o sob a responsabilidade do Sr. L\u00e1zaro e a Sra. Cl\u00e1udia.</p>\r\n<p style=\"text-align: justify; \"><b>29 \u2013 3/2 -</b>\u00a0 ao Prefeito Municipal solicitando que seja analisada a possibilidade de desenvolver o PROJETO AMIGOS DO SABER-Rede Cidad\u00e3, integra\u00e7\u00e3o, inclus\u00e3o e cidadania (C\u00f3pia em anexo), sob a coordena\u00e7\u00e3o do Professor Benedito Marques Correa.</p>\r\n<p style=\"text-align: justify; \"><b>34 \u2013 3/2 -</b>\u00a0 ao PREFEITO MUNICIPAL e ao SECRET\u00c1RIO MUNICIPAL DE OBRAS, solicitando servi\u00e7os de ASFALTAMENTO e DRENAGEM PLUVIAL, nas seguintes localidades:</p>\r\n<p style=\"text-align: justify; \">- <span>Acesso \u00e0 Praia do Bosque</span> - Rua Ezequiel de Carvalho \u2013</p>\r\n<p style=\"text-align: justify; \">- <span>Bairro Jardim Amaz\u00f4nia I</span> \u2013 setor G (Rua X, Rua 13 e Travessa Cardoso).</p>\r\n<p style=\"text-align: justify; \">- <span>Bairro Jardim Para\u00edso</span> - (Rua das Cam\u00e9lias, Rua das Hort\u00eancias, Rua das Margaridas, Rua das Rosas, Rua das Violetas, Rua dos Cravos, Rua dos Girass\u00f3is, Rua dos L\u00edrios e Rua Miralda Alves).</p>\r\n<p style=\"text-align: justify; \">- <span>Bairro Jardim das Mangueiras</span> \u2013 Travessa I</p>\r\n<p style=\"text-align: justify; \">- <span>Bairro Jardim Cristino C\u00f4rtes</span> \u2013 (Av. Jos\u00e9 de Farias e Rua S\u00e3o Benedito)</p>\r\n<p style=\"text-align: justify; \">- <span>Bairro Ouro Fino</span> \u2013 (Rua 20, Rua 21, Rua Passarela II, Rua Passarela I, Rua Projetada II, Rua Projetada I e Travessa I).</p>\r\n<p style=\"text-align: justify; \">- <span>Bairro S\u00e3o Jo\u00e3o</span> \u2013 (Rua Divina Miranda e Rua Alpes).</p>\r\n<p style=\"text-align: justify; \">- <span>Bairro Solar Ville</span> \u2013 (Av. Projetada I, Rua 18, Rua A, Rua B, Rua G, Rua J e Rua K).</p>\r\n<p style=\"text-align: justify; \">- <span>Bairro Jardim Araguaia</span> \u2013 (Rua S\u00e3o Marcos)</p>\r\n<p style=\"text-align: justify; \">- <span>Bairro Vila Varj\u00e3o</span> \u2013 (Rua do Contorno e Travessa I).</p>\r\n<p style=\"text-align: justify; \">- <span>Bairro Morada do Sol</span> \u2013 (Rua das Hort\u00eancias, Rua D, Rua E e Rua H).</p>\r\n<p style=\"text-align: justify; \">- <span>Bairro Jardim Amaz\u00f4nia II</span> \u2013 Setor A (Rua Piau\u00ed) e \u00e1reas de escape.</p>\r\n<p style=\"text-align: justify; \"><b>40 \u2013 3/2 -</b>\u00a0 ao Prefeito Municipal e Secret\u00e1rio de Obras, solicitando servi\u00e7os de limpeza e desobstru\u00e7\u00e3o das galerias pluviais, na rua Francisco Albuquerque e rua Bas\u00edlio Dourado, esquina com a Av, Ana Lira, bairro Santo Antonio, bem como, corrigir o acesso para cadeirantes, no passeio central da Av. Ana Lira, atendendo ao pedido do morador Sr. Antonio Ad\u00e3o da Silva.</p>\r\n<p style=\"text-align: justify; \"><b>48 \u2013 15/2 -</b>\u00a0 ao Prefeito Municipal, solicitando que seja analisada a possibilidade de autorizar o ressarcimento dos preju\u00edzos causados pelas chuvas, na resid\u00eancia da Sra. Carmeli\u00a0 Nascimento, na rua S\u00e3o Marcos, pr\u00f3ximo \u00e0 Escola Coopema, no bairro Cristino C\u00f4rtes, conforme documentos e fotos em anexo.</p>\r\n<p style=\"text-align: justify; \"><b><img src=\"https://www.barradogarcas.mt.leg.br/imagens/122neto1.jpg/@@images/5ed8c94c-4bdf-4267-bc23-00043c3e32e8.jpeg\" alt=\"\" class=\"image-right\" title=\"\" />Dr. Neto (PSD)</b></p>\r\n<p style=\"text-align: justify; \"><b>30 \u2013 3/2 -</b>\u00a0 ao Prefeito Municipal e Secretario Municipal de Urbanismo, solicitando provid\u00eancias quanto \u00e0s prioridades verificadas no bairro Anchieta, como segue:</p>\r\n<p style=\"text-align: justify; \">a)\u00a0\u00a0\u00a0 Realizar Mutir\u00e3o de Limpeza no PSF;</p>\r\n<p style=\"text-align: justify; \">b)\u00a0\u00a0\u00a0 Realizar Mutir\u00e3o de Limpeza na Escola Moreira Cabral;</p>\r\n<p style=\"text-align: justify; \"><b>c)\u00a0\u00a0\u00a0 </b>Coloca\u00e7\u00e3o de Bra\u00e7os com lumin\u00e1rias em postes, localizados na rua 8, quadra 21.<b></b></p>\r\n<p style=\"text-align: justify; \"><b>31 \u2013 3/2 -</b>\u00a0 ao Prefeito Municipal e Coordenador Municipal de Tr\u00e2nsito, solicitando seja feito o rebaixamento do redutor de velocidade, localizado em frente \u00e0 Capela S\u00e3o Jo\u00e3o Bosco, no bairro Anchieta.</p>\r\n<p style=\"text-align: justify; \"><b>37 \u2013 11/2 -</b>\u00a0 ao Prefeito Municipal e Secret\u00e1rio Municipal de Urbanismo, solicitando seja feito um mutir\u00e3o de limpeza nos lotes baldios de nossa cidade, inclusive com a notifica\u00e7\u00e3o dos propriet\u00e1rios ou sugerindo aos mesmos a realiza\u00e7\u00e3o dos servi\u00e7os de limpeza e cujas despesas seriam cobradas junto ao IPTU, ou ainda sejam tomadas provid\u00eancias de acordo com a Lei Municipal n.\u00ba 1.563/1993.</p>\r\n<p style=\"text-align: justify; \"><b><img src=\"https://www.barradogarcas.mt.leg.br/imagens/122biroska.jpg/@@images/8a25a08b-ff2e-418b-b11e-5aa8e058601e.jpeg\" alt=\"\" class=\"image-left\" title=\"\" />Biroska (PSD)</b></p>\r\n<p style=\"text-align: justify; \"><b>32 \u2013 4/2 -</b>\u00a0 ao Prefeito Municipal, com c\u00f3pia ao Secret\u00e1rio Municipal de Obras, solicitando servi\u00e7os de tapa buracos nas ruas do bairro Sena Marques, bem como, na rua Filinto Muller, na altura do n.\u00ba 274, bairro Alto da Boa Vista, em regime de urg\u00eancia.</p>\r\n<p style=\"text-align: justify; \">\u00a0</p>\r\n<p style=\"text-align: justify; \"><b><img src=\"https://www.barradogarcas.mt.leg.br/imagens/122mandioq1.jpg/@@images/f8ad24f4-b2e5-4249-88ac-fac0adf8131e.jpeg\" alt=\"\" class=\"image-right\" title=\"\" />Mandioquinha (PMDB)</b></p>\r\n<p style=\"text-align: justify; \"><b>33 \u2013 4/2 -</b>\u00a0 ao Prefeito Municipal, com c\u00f3pia ao Secret\u00e1rio de Obras, solicitando que as ruas abaixo relacionadas, sejam contempladas nas pr\u00f3ximas etapas de obras de asfaltamento.</p>\r\n<p style=\"text-align: justify; \">- Rua Nossa Senhora Aparecida \u2013 bairro Vila Maria;</p>\r\n<p style=\"text-align: justify; \">- Av. Perimetral \u2013 bairro Vila Maria;</p>\r\n<p style=\"text-align: justify; \">- Rua 11, 13, 14, 15, 16, desde a rua Senhorinha at\u00e9 a Av. Jo\u00e3o Costa, bairro Jardim Palmares;</p>\r\n<p style=\"text-align: justify; \">- Rua Laura Vicu\u00f1a e Rua Vaticano, jardim Nova Barra;</p>\r\n<p style=\"text-align: justify; \">- Rua Gerson Alves do Nascimento, Vila Varj\u00e3o;</p>\r\n<p style=\"text-align: justify; \">- Rua Filinto Muller, na altura do n\u00famero 274, bairro Alto da Boa Vista.</p>\r\n<p style=\"text-align: justify; \"><b><img src=\"https://www.barradogarcas.mt.leg.br/imagens/122cego.jpg/@@images/0db0885b-f309-440c-9415-d66536136fc7.jpeg\" alt=\"\" class=\"image-left\" title=\"\" />Jo\u00e3ozinho Cego (PMDB)</b></p>\r\n<p style=\"text-align: justify; \"><b>35 \u2013 4/2 -</b>\u00a0 ao Prefeito Municipal e Secret\u00e1rio Municipal de Urbanismo, solicitando a implanta\u00e7\u00e3o de ilumina\u00e7\u00e3o p\u00fablica na Av. Mois\u00e9s Lira (entre Vila Varj\u00e3o e Escola IFMT).</p>\r\n<p style=\"text-align: justify; \">\u00a0</p>\r\n<p style=\"text-align: justify; \">\u00a0</p>\r\n<p style=\"text-align: justify; \"><b><img src=\"https://www.barradogarcas.mt.leg.br/imagens/122kiko.jpg/@@images/1fa4f6ed-4e50-460f-a44d-52882db270fe.jpeg\" alt=\"\" class=\"image-right\" title=\"\" />Kiko (PT)</b></p>\r\n<p style=\"text-align: justify; \"><b>41 \u2013 15/2 -</b>\u00a0 ao <i>PREFEITO DE BARRA DO GAR\u00c7AS e </i>\u00e0 <i>SECRETARIA DE OBRAS </i>para que tomem provid\u00eancias em rela\u00e7\u00e3o ao asfaltamento da RUA 101, N\u00ba 141, BAIRRO CIDADE VELHA. Mais uma promessa do prefeito n\u00e3o cumprida, segundo os moradores do logradouro.</p>\r\n<p style=\"text-align: justify; \"><b>42 \u2013 15/2 -</b>\u00a0 ao PREFEITO DE BARRA DO GAR\u00c7AS E \u00c0 SECRETARIA MUNICIPAL DE SA\u00daDE a fim de que tomem provid\u00eancias em rela\u00e7\u00e3o ao PSF MANGA ROSA.</p>\r\n<p style=\"text-align: justify; \">O PSF em quest\u00e3o foi reformado, contudo n\u00e3o foram refeitas as cal\u00e7adas em torno do pr\u00e9dio, causando tombos aos idosos devido \u00e0s p\u00e9ssimas condi\u00e7\u00f5es de conserva\u00e7\u00e3o delas; existem reclama\u00e7\u00f5es da parte da popula\u00e7\u00e3o atendida l\u00e1 da falta de rem\u00e9dios, que os aparelhos do laborat\u00f3rio da prefeitura, especialmente, raio X vive quebrado.</p>\r\n<p style=\"text-align: justify; \"><b>43 \u2013 15/2 -</b>\u00a0 ao PREFEITO DE BARRA DO GAR\u00c7AS, \u00e0 SECRETARIA DE OBRAS e \u00e0 EMPRESA \u00c1GUAS DE BARRA DO GAR\u00c7AS para que tomem provid\u00eancias junto ao MINIST\u00c9RIO DA INTEGRA\u00c7\u00c3O NACIONAL por meio de projeto a fim de que se previna o problema com o fornecimento de \u00e1gua,\u00a0 tendo em vista que o RIO GAR\u00c7AS est\u00e1 praticamente morto \u2013 principal manancial que atende a cidade.</p>\r\n<p style=\"text-align: justify; \"><b>44 \u2013 15/2 -</b>\u00a0 ao PREFEITO DE BARRA DO GAR\u00c7AS, \u00e0 SECRETARIA DE OBRAS e\u00a0 \u00e0 COORDENADORIA DE TR\u00c2NSITO para que seja constru\u00eddo um redutor de velocidade pr\u00f3ximo \u00e0 RUA GOI\u00c1S, n\u00ba 1098. O problema n\u00e3o \u00e9 novo, mas at\u00e9 agora n\u00e3o foi resolvido.</p>\r\n<p style=\"text-align: justify; \"><b>45 \u2013 15/2 -</b>\u00a0 ao Prefeito e ao Secret\u00e1rio de Obras, solicitando a limpeza da Avenida Brasil com a perimetral que leva at\u00e9 a Vila Maria. A situa\u00e7\u00e3o \u00e9 ca\u00f3tica, com o mato e a sujeira, sendo o cart\u00e3o de visita da comunidade.</p>\r\n<p style=\"text-align: justify; \"><b>46 \u2013 15/2 -</b>\u00a0 ao Prefeito, ao Secret\u00e1rio de Obras e\u00e0 Coordenadora de Tr\u00e2nsito\u00a0 para que sejam colocados redutores de velocidade na AVENIDA OTAC\u00cdLIO JOS\u00c9 DOS SANTOS, BAIRRO ZECA RIBEIRO.\u00a0</p>\r\n<p style=\"text-align: justify; \"><b>47 \u2013 15/2 -</b>\u00a0 ao Prefeito e ao Secret\u00e1rio de Obras para que a RUA JOS\u00c9 MANUEL DA SILVA, em que est\u00e1 localizado o CEMIT\u00c9RIO PARQUE DOS IP\u00caS seja arrumada, a ilumina\u00e7\u00e3o tem tempo n\u00e3o existe e a constru\u00e7\u00e3o de meio-fio, tendo em vista que boa parte do asfalto j\u00e1 foi levado embora pela chuvas devido a falta do protetor de escoamento das \u00e1guas.</p>\r\n<p style=\"text-align: justify; \"><b><img src=\"https://www.barradogarcas.mt.leg.br/imagens/122ze.jpg/@@images/2f8d74a1-57c8-480f-81e2-aed5b8f0f7d8.jpeg\" alt=\"\" class=\"image-left\" title=\"\" />Z\u00e9 Maria (PTB)</b></p>\r\n<p style=\"text-align: justify; \"><b>49 \u2013 15/2 -</b>\u00a0 ao Prefeito Municipal e Secret\u00e1ria Municipal de Turismo, solicitando que as festividades do Carnaval de Rua de nossa cidade, sejam transferidas para o Porto do Ba\u00e9.</p>\r\n<p style=\"text-align: justify; \"><b>50 \u2013 15/2 -</b>\u00a0 ao Prefeito Municipal e Secret\u00e1ria Municipal de Turismo, solicitando a isen\u00e7\u00e3o da taxa de loca\u00e7\u00e3o do Anfiteatro Municipal Fernando Peres de Farias, \u00e0 Igreja Pentecostal Deus \u00e9 Amor, que pretende realizar um Congresso Jovem, nos dias 25, 26 e 27 de mar\u00e7o, do ano em curso.</p>\r\n<p style=\"text-align: justify; \"><b>51 \u2013 15/2 -</b>\u00a0 ao Prefeito Municipal, solicitando ajuda de custo, na ordem de 1.500 reais mensais, para a Associa\u00e7\u00e3o dos Amigos dos Animais, na pessoa de seu Presidente Francisco C\u00e2ndido (Garrincha), recursos esses que ser\u00e3o utilizados na manuten\u00e7\u00e3o das atividades da Associa\u00e7\u00e3o.</p>\r\n<p style=\"text-align: justify; \"><b><img src=\"https://www.barradogarcas.mt.leg.br/imagens/122joaozinho.jpg/@@images/3f4d7c27-971b-46c1-b7f1-36645d727b88.jpeg\" alt=\"\" class=\"image-right\" title=\"\" />Dr. Jo\u00e3ozinho (PSB)</b></p>\r\n<p style=\"text-align: justify; \"><b>52 -15/2 -</b>\u00a0 \u00e0 empresa LOC SERVICE, solicitando que proceda imediatamente a limpeza e coleta de lixo, no local onde ocorreu as festividades do Carnaval de rua, nos dias 05 a 09, pr\u00f3ximo passado.</p>\r\n<p style=\"text-align: justify; \">\u00a0</p>\r\n<p style=\"text-align: justify; \"><b>Mo\u00e7\u00f5es aprovadas</b></p>\r\n<p style=\"text-align: justify; \"><b>Comandante Barbosa (PSD)</b></p>\r\n<p style=\"text-align: justify; \"><b>7 \u2013 3/2 -</b>\u00a0 MO\u00c7\u00c3O DE APLAUSOS, ao Sr. VILMONDES SEBASTI\u00c3O TOMAIN, cumprimentando-o por ter assumido a Presid\u00eancia do Sindicato Rural de Barra do Gar\u00e7as, no dia 30 de janeiro, pr\u00f3ximo passado.</p>\r\n<p style=\"text-align: justify; \"><b>9 \u2013 4/2 -</b>\u00a0 MO\u00c7\u00c3O DE APLAUSOS, a POLICIA MILITAR, CORPO DE BOMBEIROS e POLICIA CIVIL, pelos bons servi\u00e7os prestados em prol da comunidade barra-garcense, cumprimentando os novos integrantes, pela primeira semana de trabalho extensivo em nossa cidade.</p>\r\n<p style=\"text-align: justify; \"><b>Jo\u00e3ozinho Cego (PMDB)</b></p>\r\n<p style=\"text-align: justify; \"><b>8 \u2013 4/2 -\u00a0 </b>MO\u00c7\u00c3O DE APLAUSOS, ao jovem MARCUS VINICIUS MENEZES, cumprimentando-o por ter sido aprovado no vestibular para o curso de Medicina, na Universidade Federal de Goi\u00e1s-UFG.</p>\r\n<p style=\"text-align: justify; \"><b>Kiko (PT)</b></p>\r\n<p style=\"text-align: justify; \"><b>10 \u2013 15/2 -</b>\u00a0 MO\u00c7\u00c3O DE CONGRATULA\u00c7\u00d5ES aos Servidores desta Casa de Leis, abaixo relacionadas, cumprimentando-os pela sua data natal\u00edcia.</p>\r\n<table>\r\n<tbody>\r\n<tr>\r\n<td>\r\n<p>GRACIENE DA SILVA PACHECO</p>\r\n</td>\r\n<td>\r\n<p align=\"center\">21/02</p>\r\n</td>\r\n</tr>\r\n<tr>\r\n<td>\r\n<p>WILLIAN ANDERSON LOPES DE QUINAN</p>\r\n</td>\r\n<td>\r\n<p align=\"center\">23/02</p>\r\n</td>\r\n</tr>\r\n<tr>\r\n<td>\r\n<p>SIRLENE SANTOS COLMAN</p>\r\n</td>\r\n<td>\r\n<p align=\"center\">25/02</p>\r\n</td>\r\n</tr>\r\n</tbody>\r\n</table>\r\n<p style=\"text-align: justify; \"><b>Requerimentos aprovados</b></p>\r\n<p style=\"text-align: justify; \"><b>Julio Cesar (PSDB)</b></p>\r\n<p style=\"text-align: justify; \"><b>5 \u2013 3/2 -</b>\u00a0 ao Secret\u00e1rio Municipal de Sa\u00fade, com c\u00f3pia ao Minist\u00e9rio P\u00fablico desta Comarca, solicitando informa\u00e7\u00f5es sobre quando ser\u00e1 sanado o problema de vazamentos (goteiras) no telhado do Pronto Socorro, inclusive no Centro Cir\u00fargico, e que seja estabelecido um prazo para tais provid\u00eancias.</p>\r\n<p style=\"text-align: justify; \"><b>6 \u2013 3/2 -</b>\u00a0 ao Prefeito Municipal, solicitando informa\u00e7\u00f5es sobre o resultado das investiga\u00e7\u00f5es acerca das doa\u00e7\u00f5es de lotes em nossa cidade, j\u00e1 conhecida como \u201cA M\u00e1fia dos Lotes\u201d.</p>\r\n<p style=\"text-align: justify; \"><b>7 \u2013 3/2 -</b>\u00a0 ao Prefeito Municipal, solicitando informa\u00e7\u00f5es sobre o resultado das investiga\u00e7\u00f5es acerca das contrata\u00e7\u00f5es de pessoal (funcion\u00e1rios fantasmas), informando rela\u00e7\u00e3o das pessoas envolvidas, cargos e reparti\u00e7\u00f5es onde est\u00e3o lotados.</p>\r\n<p style=\"text-align: justify; \"><b>Kiko (PT)</b></p>\r\n<p style=\"text-align: justify; \"><b>8 \u2013 15/2 -</b>\u00a0 PREFEITO MUNICIPAL DE BARRA DO GAR\u00c7AS, da SECRETARIA MUNICIPAL DE EDUCA\u00c7\u00c3O e da SECRETARIA MUNICIPAL DE ADMINISTRA\u00c7\u00c3O, tendo em vista os questionamentos de v\u00e1rios funcion\u00e1rios p\u00fablicos municipais, principalmente, os lotados\u00a0 na Secretaria Municipal de Educa\u00e7\u00e3o:</p>\r\n<p style=\"text-align: justify; \">\u00c9 verdade que existe em curso a terceiriza\u00e7\u00e3o dos servi\u00e7os de limpeza e seguran\u00e7a na educa\u00e7\u00e3o, sa\u00fade e outros \u00f3rg\u00e3os da municipalidade? Havendo, baseado em qual dispositivo: lei, decreto ou quais outros instrumentos burocr\u00e1ticos?</p>\r\n<p style=\"text-align: justify; \">Em havendo terceiriza\u00e7\u00e3o, qual empresa seria respons\u00e1vel, qual o valor do contrato e quais outros servi\u00e7os seriam realizados pela poss\u00edvel empresa?<b></b></p>", "author_name": "Konrad Felipe/Assessor de imprensa da C\u00e2mara de Barra do Gar\u00e7as", "version": "1.0", "author_url": "https://www.barradogarcas.mt.leg.br/author/Konrad Felipe/Assessor de imprensa da C\u00e2mara de Barra do Gar\u00e7as", "provider_name": "C\u00e2mara Municipal de Barra do Gar\u00e7as", "type": "rich"}